{"id":5347,"date":"2023-05-31T09:15:39","date_gmt":"2023-05-31T08:15:39","guid":{"rendered":"http:\/\/msm-krefeld.de\/wp\/?p=5347"},"modified":"2023-05-31T09:19:13","modified_gmt":"2023-05-31T08:19:13","slug":"erfolgsgeschichte-der-msm-leichtathletinnen-und-leichtathleten-geht-weiter-jungen-wk-iii-mannschaft-qualifiziert-sich-fuer-landesfinale-nrw","status":"publish","type":"post","link":"http:\/\/msm-krefeld.de\/wp\/blog\/2023\/05\/31\/erfolgsgeschichte-der-msm-leichtathletinnen-und-leichtathleten-geht-weiter-jungen-wk-iii-mannschaft-qualifiziert-sich-fuer-landesfinale-nrw\/","title":{"rendered":"Erfolgsgeschichte der MSM-Leichtathletinnen und -Leichtathleten geht weiter \u2013 Jungen-WK III-Mannschaft qualifiziert sich f\u00fcr Landesfinale NRW!"},"content":{"rendered":"<div style=\"text-align: left;\"><a href=\"https:\/\/i1.wp.com\/msm-krefeld.de\/wp\/wp-content\/uploads\/2023\/05\/Sport1-1.jpg\"><img loading=\"lazy\" class=\"alignright size-medium wp-image-5350\" src=\"https:\/\/i1.wp.com\/msm-krefeld.de\/wp\/wp-content\/uploads\/2023\/05\/Sport1-1.jpg?resize=300%2C163\" alt=\"\" width=\"300\" height=\"163\" srcset=\"https:\/\/i1.wp.com\/msm-krefeld.de\/wp\/wp-content\/uploads\/2023\/05\/Sport1-1.jpg?resize=300%2C163 300w, https:\/\/i1.wp.com\/msm-krefeld.de\/wp\/wp-content\/uploads\/2023\/05\/Sport1-1.jpg?resize=768%2C416 768w, https:\/\/i1.wp.com\/msm-krefeld.de\/wp\/wp-content\/uploads\/2023\/05\/Sport1-1.jpg?w=952 952w\" sizes=\"(max-width: 300px) 100vw, 300px\" data-recalc-dims=\"1\" \/><\/a>Wie schon fast traditionell schnitten unsere MSM-Sportlerinnen und -Sportler wieder hervorragend bei den diesj\u00e4hrigen Leichtathletik - Stadtmeisterschaften am L\u00f6schenhofweg statt. Sowohl die WK III-Mannschaft (Jahrg\u00e4nge 2008+2009) der M\u00e4dchen, als auch der Jungen konnten am Ende des Tages den <strong>Stadtmeistertitel<\/strong> bejubeln. In der Wettkampfklasse I der Jungen (Jahrg\u00e4nge 2004-2007) wurde ein <strong>zweiter Platz<\/strong> erzielt.<\/div>\n<p><!--more--><\/p>\n<div style=\"text-align: justify;\">Dieses Jahr schien zun\u00e4chst unter keinem guten Stern zu stehen, was die Fortsetzung unser Erfolgsgeschichte in der Leichtathletik angeht. Durch den LK-Klausurtermin der Stufe Q1 und die England-Fahrt der Stufe EF fehlten etliche Leistungstr\u00e4ger\/-innen, so dass wir leider keine WK II-Mannschaften und nur eine sehr dezimierte WK I-Jungen-Mannschaft an den Start schicken konnten.\u00a0Die M\u00e4dchen und Jungen, die sich dann am fr\u00fchen Morgen im sch\u00f6nen Stadion am L\u00f6schenhofweg einfanden, sind aber wirklich \u00fcber sich hinausgewachsen:\u00a0Nicht nur sportlich gab es etliche herausragende Leistungen zu bejubeln, sondern auch die Art und Weise, wie ihr euch beim Wettkampf pr\u00e4sentiert habt und euch gegenseitig angefeuert und unterst\u00fctzt habt, war wirklich bemerkenswert. <strong>Herzlichen Gl\u00fcckwunsch und vielen Dank an alle Teilnehmerinnen und Teilnehmer, ihr habt unsere Schule mehr als w\u00fcrdig vertreten!<\/strong><\/div>\n<div><\/div>\n<div style=\"text-align: justify;\">Die WK III-Mannschaft der Jungen muss allerdings noch einmal besonders erw\u00e4hnt werden, denn sie haben sich mit ihrer erzielten Punktzahl zum zweiten Mal in Folge f\u00fcr das Landesfinale NRW in Duisburg qualifiziert, bei dem nur die sechs besten Mannschaften Nordrhein-Westfalens antreten d\u00fcrfen. Das ist vor allem deshalb bemerkenswert, weil nicht ein einziger Leichtathlet in dieser Mannschaft am Start war.\u00a0<strong>Wir dr\u00fccken euch ganz fest die Daumen, dass ihr euren tollen dritten Platz aus dem Vorjahr verteidigen k\u00f6nnt!<\/strong><\/div>\n<div style=\"text-align: justify;\"><\/div>\n<div style=\"text-align: justify;\">Letzte Woche gab es dann noch einen weiteren Wettkampf in der Leichtathletik und zwar die Stadtmeisterschaften der j\u00fcngsten Talente in der WK IV (Jahrgang 2010+2011). In diesem Mixed-Team gehen sechs M\u00e4dchen und sechs Jungen gemeinsam in den verschiedensten Lauf-\/Sprung- und Wurfdisziplinen an den Start.\u00a0\u00a0Auch in diesem Format gab es ganz tolle Leistungen unserer MSM-Sch\u00fclerinnen und -Sch\u00fcler zu bejubeln, so dass sie sich bei der Siegerehrung \u00fcber einen fantastischen zweiten Platz freuen durften. <strong>Herzlichen Gl\u00fcckwunsch also auch an unsere j\u00fcngsten Sportlerinnen und Sportler, sowie einen herzlichen Dank an Finn Larisch, der die Veranstaltung als ausgebildeter Sporthelfer unterst\u00fctzt hat!<\/strong><\/div>\n<div style=\"text-align: justify;\"><\/div>\n<div style=\"text-align: justify;\">Der \u00dcbersicht halber k\u00f6nnen nicht alle Ergebnisse erw\u00e4hnt werden, daher hier nur die Leistungen, die die meisten Punkte gebracht haben:<\/div>\n<div style=\"text-align: justify;\"><strong>WK III M\u00e4dchen:<\/strong><\/div>\n<div style=\"text-align: justify;\">Iman Dhissi Kugel 8,97m 431 Punkte<\/div>\n<div style=\"text-align: justify;\">Katarina Gagnon 75m\u00a0 11,22 sek. 407 Punte<\/div>\n<div style=\"text-align: justify;\">Hannah Meier Weit\u00a0 \u00a04,26 m 466 Punkte<\/div>\n<div style=\"text-align: justify;\">Anna Friedrich Weit\u00a0 \u00a04,11m 448 Punkte<\/div>\n<div style=\"text-align: justify;\">Franziska Romberg 800m\u00a0 2:45,78 min. 433 Punkte<\/div>\n<div style=\"text-align: justify;\">Leonie Lieder Ball\u00a0 41,50m 483 Punkte<\/div>\n<div style=\"text-align: justify;\">4x75m-Staffel:<\/div>\n<div style=\"text-align: justify;\">Kock-Meier-Friedrich-Gagnon 1.Platz<\/div>\n<div style=\"text-align: justify;\"><strong>WK III Jungen:<\/strong><\/div>\n<div style=\"text-align: justify;\">Asher Artz 75m\u00a0 9,30 sek. 597 Punkte<\/div>\n<div style=\"text-align: justify;\">Weit\u00a0 \u00a05,62m557 Punkte<\/div>\n<div style=\"text-align: justify;\">Til Ullrich Hoch\u00a0 1,64m 549 Punkte<\/div>\n<div style=\"text-align: justify;\">Simeon Artz 75m\u00a0 9,86 sek. 528 Punkte<\/div>\n<div style=\"text-align: justify;\">Piet Olefs 75m\u00a0 9,98 sek. 514 Punkte<\/div>\n<div style=\"text-align: justify;\">Ball\u00a0 57m452 Punkte<\/div>\n<div style=\"text-align: justify;\">Jakob Wolff 800m\u00a0 2:23,10min. 507 Punkte<\/div>\n<div style=\"text-align: justify;\">Luka v.d.Hurk Hoch\u00a0 1,48m 469 Punkte<\/div>\n<div style=\"text-align: justify;\">4x75m-Staffel:<\/div>\n<div style=\"text-align: justify;\">Artz, S.-van der Hurk-Olefs-Artz, A. 1.Platz in fantastischen 38,58 sek.<\/div>\n<div style=\"text-align: justify;\"><\/div>\n<div style=\"text-align: justify;\"><strong>WK I Jungen:<\/strong><\/div>\n<div style=\"text-align: justify;\">Florian Kohtes Weit\u00a0 5,31m 526 Punkte<\/div>\n<div style=\"text-align: justify;\">Hoch\u00a0 1,68m 568 Punkte<\/div>\n<div style=\"text-align: justify;\">Samy Esslimani Hoch\u00a0 1,56m 509 Punkte<\/div>\n<div style=\"text-align: justify;\">Deniz Cakmak Speer\u00a0 32,33m 507 Punkte<\/div>\n<div style=\"text-align: justify;\">Mats Schneid Speer\u00a0 29,10m 479 Punkte<\/div>\n<div style=\"text-align: justify;\"><\/div>\n<div style=\"text-align: justify;\">Alle Stadtmeister\/-innen im \u00dcberblick:<\/div>\n<div style=\"text-align: justify;\"><strong>WK III M\u00e4dchen:<\/strong><\/div>\n<div style=\"text-align: justify;\">Iman Dhissi, Liv Langemann, Mira Tatjes, Katarina Gagnon, Julie Kaminski, Louisa Neunerdt, Hannah Meier, Anna Friedrich, Felizia Becker, Franziska Romberg, Katharina Kock, Leonie Lieder<\/div>\n<div style=\"text-align: justify;\"><strong>WK III Jungen:<\/strong><\/div>\n<div style=\"text-align: justify;\">Samuel Jankov, Mattis Haslach, Til Ullrich, Asher Artz, Simeon Artz, Piet Olefs, Luca van der Hurk, Timur Boylu, Jakob Wolff, Mika Gollenstede<\/div>\n<div style=\"text-align: justify;\"><\/div>\n<div style=\"text-align: justify;\"><em>H. Kemper<\/em><\/div>\n<div style=\"text-align: justify;\"><\/div>\n<div style=\"text-align: justify;\"><a href=\"https:\/\/i1.wp.com\/msm-krefeld.de\/wp\/wp-content\/uploads\/2023\/05\/Sport1.jpg\"><img loading=\"lazy\" class=\"alignleft size-full wp-image-5348\" src=\"https:\/\/i1.wp.com\/msm-krefeld.de\/wp\/wp-content\/uploads\/2023\/05\/Sport1.jpg?resize=625%2C339\" alt=\"\" width=\"625\" height=\"339\" srcset=\"https:\/\/i1.wp.com\/msm-krefeld.de\/wp\/wp-content\/uploads\/2023\/05\/Sport1.jpg?w=952 952w, https:\/\/i1.wp.com\/msm-krefeld.de\/wp\/wp-content\/uploads\/2023\/05\/Sport1.jpg?resize=300%2C163 300w, https:\/\/i1.wp.com\/msm-krefeld.de\/wp\/wp-content\/uploads\/2023\/05\/Sport1.jpg?resize=768%2C416 768w\" sizes=\"(max-width: 625px) 100vw, 625px\" data-recalc-dims=\"1\" \/><\/a><\/div>\n<div style=\"text-align: justify;\">Das erfolgreiche MSM-Leichtathletik-Team der Jahrg\u00e4nge 2004-2009<\/div>\n<div style=\"text-align: justify;\"><\/div>\n<div style=\"text-align: justify;\"><a href=\"https:\/\/i0.wp.com\/msm-krefeld.de\/wp\/wp-content\/uploads\/2023\/05\/Sport2.jpg\"><img loading=\"lazy\" class=\"alignleft size-full wp-image-5349\" src=\"https:\/\/i0.wp.com\/msm-krefeld.de\/wp\/wp-content\/uploads\/2023\/05\/Sport2.jpg?resize=625%2C377\" alt=\"\" width=\"625\" height=\"377\" srcset=\"https:\/\/i0.wp.com\/msm-krefeld.de\/wp\/wp-content\/uploads\/2023\/05\/Sport2.jpg?w=639 639w, https:\/\/i0.wp.com\/msm-krefeld.de\/wp\/wp-content\/uploads\/2023\/05\/Sport2.jpg?resize=300%2C181 300w\" sizes=\"(max-width: 625px) 100vw, 625px\" data-recalc-dims=\"1\" \/><\/a><\/div>\n<div style=\"text-align: justify;\">Unsere j\u00fcngsten MSM-Leichtathletik-Talente<\/div>\n","protected":false},"excerpt":{"rendered":"<p>Wie schon fast traditionell schnitten unsere MSM-Sportlerinnen und -Sportler wieder hervorragend bei den diesj\u00e4hrigen Leichtathletik - Stadtmeisterschaften am L\u00f6schenhofweg statt. Sowohl die WK III-Mannschaft (Jahrg\u00e4nge 2008+2009) der M\u00e4dchen, als auch der Jungen konnten am Ende des Tages den Stadtmeistertitel bejubeln. In der Wettkampfklasse I der Jungen (Jahrg\u00e4nge 2004-2007) wurde ein zweiter Platz erzielt.<\/p>\n","protected":false},"author":1,"featured_media":0,"comment_status":"closed","ping_status":"closed","sticky":false,"template":"","format":"standard","meta":{"spay_email":""},"categories":[1],"tags":[],"jetpack_featured_media_url":"","jetpack_shortlink":"https:\/\/wp.me\/p7JAwp-1of","_links":{"self":[{"href":"http:\/\/msm-krefeld.de\/wp\/wp-json\/wp\/v2\/posts\/5347"}],"collection":[{"href":"http:\/\/msm-krefeld.de\/wp\/wp-json\/wp\/v2\/posts"}],"about":[{"href":"http:\/\/msm-krefeld.de\/wp\/wp-json\/wp\/v2\/types\/post"}],"author":[{"embeddable":true,"href":"http:\/\/msm-krefeld.de\/wp\/wp-json\/wp\/v2\/users\/1"}],"replies":[{"embeddable":true,"href":"http:\/\/msm-krefeld.de\/wp\/wp-json\/wp\/v2\/comments?post=5347"}],"version-history":[{"count":6,"href":"http:\/\/msm-krefeld.de\/wp\/wp-json\/wp\/v2\/posts\/5347\/revisions"}],"predecessor-version":[{"id":5356,"href":"http:\/\/msm-krefeld.de\/wp\/wp-json\/wp\/v2\/posts\/5347\/revisions\/5356"}],"wp:attachment":[{"href":"http:\/\/msm-krefeld.de\/wp\/wp-json\/wp\/v2\/media?parent=5347"}],"wp:term":[{"taxonomy":"category","embeddable":true,"href":"http:\/\/msm-krefeld.de\/wp\/wp-json\/wp\/v2\/categories?post=5347"},{"taxonomy":"post_tag","embeddable":true,"href":"http:\/\/msm-krefeld.de\/wp\/wp-json\/wp\/v2\/tags?post=5347"}],"curies":[{"name":"wp","href":"https:\/\/api.w.org\/{rel}","templated":true}]}}