{"id":3904,"date":"2021-01-27T14:52:35","date_gmt":"2021-01-27T13:52:35","guid":{"rendered":"http:\/\/msm-krefeld.de\/wp\/?p=3904"},"modified":"2021-01-27T14:53:09","modified_gmt":"2021-01-27T13:53:09","slug":"27-januar-gedenken-an-die-opfer-des-nationalsozialismus","status":"publish","type":"post","link":"http:\/\/msm-krefeld.de\/wp\/blog\/2021\/01\/27\/27-januar-gedenken-an-die-opfer-des-nationalsozialismus\/","title":{"rendered":"27. Januar: Gedenken an die Opfer des Nationalsozialismus"},"content":{"rendered":"<p style=\"text-align: justify;\">\"Jeder Name z\u00e4hlt\u201c \u2013 Das MSM unterst\u00fctzt das Aroslen-Archiv: Unter diesem Motto haben Sch\u00fclerinnen und Sch\u00fcler des MSM, initiiert von der Fachschaft Geschichte, die Zeit vor dem 27. Januar \u2013 dem offiziellen Gedenktag f\u00fcr die Opfer des Nationalsozialismus \u2013 genutzt, um Unterlagen aus verschiedenen Konzentrationslagern (z.B. Buchenwald, Dachau oder Mauthausen) zu digitalisieren. Sie haben damit die Initiative des Arolsen-Archivs, die Namen aller Opfer des Nationalsozialismus im Internet findbar zu machen, unterst\u00fctzt. Alles, was man dazu braucht, ist ein Internetzugang und ein bisschen Zeit \u2013 je nach Unterlagenart zwischen 5 und 60 Minuten. <!--more--><\/p>\n<p style=\"text-align: justify;\">Die Sch\u00fclerinnen und Sch\u00fcler des MSM haben bis zum 25. Januar 291 Namen digitalisiert und damit einen wichtigen Beitrag zum Gedenken an die Opfer des Nationalsozialismus geleistet. Danke daf\u00fcr! Ein besonderer Dank gilt dem Zusatzkurs Geschichte unter der Leitung von Herrn Kunze, der besonders viele Namen zusammengetragen hat!<\/p>\n<p style=\"text-align: justify;\">Wer Interesse hat, kann sich unter <a href=\"https:\/\/arolsen-archives.org\/?gclid=Cj0KCQiAmL-ABhDFARIsAKywVadtVsUxJTHxGe8GAtFgfFKqm_JNf00zfxvLmiJk01LxZQ8woAYnMf0aAn6bEALw_wcB\">https:\/\/arolsen-archives.org\/?gclid=Cj0KCQiAmL-ABhDFARIsAKywVadtVsUxJTHxGe8GAtFgfFKqm_JNf00zfxvLmiJk01LxZQ8woAYnMf0aAn6bEALw_wcB<\/a> und <a href=\"https:\/\/www.zooniverse.org\/projects\/arolsen-archives\/every-name-counts?language=de\">https:\/\/www.zooniverse.org\/projects\/arolsen-archives\/every-name-counts?language=de<\/a> \u00fcber das Projekt informieren und selbst partizipieren!<\/p>\n","protected":false},"excerpt":{"rendered":"<p>\"Jeder Name z\u00e4hlt\u201c \u2013 Das MSM unterst\u00fctzt das Aroslen-Archiv: Unter diesem Motto haben Sch\u00fclerinnen und Sch\u00fcler des MSM, initiiert von der Fachschaft Geschichte, die Zeit vor dem 27. Januar \u2013 dem offiziellen Gedenktag f\u00fcr die Opfer des Nationalsozialismus \u2013 genutzt, um Unterlagen aus verschiedenen Konzentrationslagern (z.B. Buchenwald, Dachau oder Mauthausen) zu digitalisieren. Sie haben damit <a href=\"http:\/\/msm-krefeld.de\/wp\/blog\/2021\/01\/27\/27-januar-gedenken-an-die-opfer-des-nationalsozialismus\/\" class=\"more-link\">...weiterlesen<span class=\"screen-reader-text\"> \"27. Januar: Gedenken an die Opfer des Nationalsozialismus\"<\/span><\/a><\/p>\n","protected":false},"author":1,"featured_media":0,"comment_status":"closed","ping_status":"closed","sticky":false,"template":"","format":"standard","meta":{"spay_email":""},"categories":[1],"tags":[],"jetpack_featured_media_url":"","jetpack_shortlink":"https:\/\/wp.me\/p7JAwp-10Y","_links":{"self":[{"href":"http:\/\/msm-krefeld.de\/wp\/wp-json\/wp\/v2\/posts\/3904"}],"collection":[{"href":"http:\/\/msm-krefeld.de\/wp\/wp-json\/wp\/v2\/posts"}],"about":[{"href":"http:\/\/msm-krefeld.de\/wp\/wp-json\/wp\/v2\/types\/post"}],"author":[{"embeddable":true,"href":"http:\/\/msm-krefeld.de\/wp\/wp-json\/wp\/v2\/users\/1"}],"replies":[{"embeddable":true,"href":"http:\/\/msm-krefeld.de\/wp\/wp-json\/wp\/v2\/comments?post=3904"}],"version-history":[{"count":2,"href":"http:\/\/msm-krefeld.de\/wp\/wp-json\/wp\/v2\/posts\/3904\/revisions"}],"predecessor-version":[{"id":3906,"href":"http:\/\/msm-krefeld.de\/wp\/wp-json\/wp\/v2\/posts\/3904\/revisions\/3906"}],"wp:attachment":[{"href":"http:\/\/msm-krefeld.de\/wp\/wp-json\/wp\/v2\/media?parent=3904"}],"wp:term":[{"taxonomy":"category","embeddable":true,"href":"http:\/\/msm-krefeld.de\/wp\/wp-json\/wp\/v2\/categories?post=3904"},{"taxonomy":"post_tag","embeddable":true,"href":"http:\/\/msm-krefeld.de\/wp\/wp-json\/wp\/v2\/tags?post=3904"}],"curies":[{"name":"wp","href":"https:\/\/api.w.org\/{rel}","templated":true}]}}